{"id":195,"date":"2011-12-22T15:28:19","date_gmt":"2011-12-22T14:28:19","guid":{"rendered":"http:\/\/sengeloese.dk\/vmb\/?p=195"},"modified":"2011-12-22T15:28:19","modified_gmt":"2011-12-22T14:28:19","slug":"glaedelig-jul-og-godt-nytar","status":"publish","type":"post","link":"https:\/\/sengeloese.dk\/vmb\/2011\/12\/22\/glaedelig-jul-og-godt-nytar\/","title":{"rendered":"Gl\u00e6delig Jul og Godt Nyt\u00e5r"},"content":{"rendered":"<p>Bylauget vil gerne \u00f8nske alle i Vridsl\u00f8semagle en rigtig gl\u00e6delig jul og et godt nyt\u00e5r. <\/p>\n<p>H\u00e5ber vi vil f\u00e5 et godt 2012, s\u00e5 alle synes at Vridsl\u00f8semagle er verdens bedste sted at bo.<br \/>\nVi h\u00e5ber at se rigtig mange af jer til de forskellige arrangementer som vi gerne vil holde sammen med jer hen over det nye \u00e5r.<\/p>\n<p>Men f\u00f8rst skal vi have skudt det nye \u00e5r ind. Og det kan vi &#8211; som vi plejer &#8211; g\u00f8re oppe p\u00e5 marken uden for byen ud mod Sengel\u00f8se.<br \/>\nH\u00e5ber alle vil tage hensyn til byens mange str\u00e5t\u00e6kte huse og m\u00f8des p\u00e5 marken, med fyrv\u00e6rkeri og raketter under armen, og samtidig benytte anledningen til at \u00f8nske hinanden et godt nyt\u00e5r. <\/p>\n<p>Som noget nyt vil vi gerne opfordre alle til ogs\u00e5 at m\u00f8de p\u00e5 marken nyt\u00e5rsdag \u2013 den 1. januar kl. 1500. Vi vil gerne g\u00f8re en indsats for at f\u00e5 ryddet op efter nyt\u00e5rsfyrv\u00e6rkeriet, s\u00e5 de afbr\u00e6ndte batterier og papr\u00f8r ikke st\u00e5r  der hele vinteren.<br \/>\nP\u00e5 gensyn den 31. december \u201911 og den 1. januar 2012. Og p\u00e5 gensyn i det nye \u00e5r!<\/p>\n<p>Bestyrelsen i Vridsl\u00f8semagle Bylaug<\/p>\n","protected":false},"excerpt":{"rendered":"<p>Bylauget vil gerne \u00f8nske alle i Vridsl\u00f8semagle en rigtig gl\u00e6delig jul og et godt nyt\u00e5r. H\u00e5ber vi vil f\u00e5 et godt 2012, s\u00e5 alle synes at Vridsl\u00f8semagle er verdens bedste sted at bo. Vi h\u00e5ber at se rigtig mange af &hellip; <a href=\"https:\/\/sengeloese.dk\/vmb\/2011\/12\/22\/glaedelig-jul-og-godt-nytar\/\">L\u00e6s resten <span class=\"meta-nav\">&rarr;<\/span><\/a><\/p>\n","protected":false},"author":17,"featured_media":0,"comment_status":"open","ping_status":"open","sticky":false,"template":"","format":"standard","meta":{"footnotes":"","_links_to":"","_links_to_target":""},"categories":[1],"tags":[],"class_list":["post-195","post","type-post","status-publish","format-standard","hentry","category-ikke-kategoriseret"],"jetpack_featured_media_url":"","_links":{"self":[{"href":"https:\/\/sengeloese.dk\/vmb\/wp-json\/wp\/v2\/posts\/195","targetHints":{"allow":["GET"]}}],"collection":[{"href":"https:\/\/sengeloese.dk\/vmb\/wp-json\/wp\/v2\/posts"}],"about":[{"href":"https:\/\/sengeloese.dk\/vmb\/wp-json\/wp\/v2\/types\/post"}],"author":[{"embeddable":true,"href":"https:\/\/sengeloese.dk\/vmb\/wp-json\/wp\/v2\/users\/17"}],"replies":[{"embeddable":true,"href":"https:\/\/sengeloese.dk\/vmb\/wp-json\/wp\/v2\/comments?post=195"}],"version-history":[{"count":1,"href":"https:\/\/sengeloese.dk\/vmb\/wp-json\/wp\/v2\/posts\/195\/revisions"}],"predecessor-version":[{"id":199,"href":"https:\/\/sengeloese.dk\/vmb\/wp-json\/wp\/v2\/posts\/195\/revisions\/199"}],"wp:attachment":[{"href":"https:\/\/sengeloese.dk\/vmb\/wp-json\/wp\/v2\/media?parent=195"}],"wp:term":[{"taxonomy":"category","embeddable":true,"href":"https:\/\/sengeloese.dk\/vmb\/wp-json\/wp\/v2\/categories?post=195"},{"taxonomy":"post_tag","embeddable":true,"href":"https:\/\/sengeloese.dk\/vmb\/wp-json\/wp\/v2\/tags?post=195"}],"curies":[{"name":"wp","href":"https:\/\/api.w.org\/{rel}","templated":true}]}}